{"id":1659,"date":"2026-04-20T19:47:19","date_gmt":"2026-04-20T17:47:19","guid":{"rendered":"http:\/\/www.refuge-animaux-etretat.fr\/RefugeEtretat\/?p=1659"},"modified":"2026-04-20T20:04:55","modified_gmt":"2026-04-20T18:04:55","slug":"kane","status":"publish","type":"post","link":"http:\/\/www.refuge-animaux-etretat.fr\/RefugeEtretat\/kane\/","title":{"rendered":"KANE"},"content":{"rendered":"<div id=\"pl-1659\"  class=\"panel-layout\" ><div id=\"pg-1659-0\"  class=\"panel-grid panel-no-style\" ><div id=\"pgc-1659-0-0\"  class=\"panel-grid-cell\" ><div id=\"panel-1659-0-0-0\" class=\"so-panel widget widget_sow-editor panel-first-child panel-last-child\" data-index=\"0\" ><div class=\"so-widget-sow-editor so-widget-sow-editor-base\"><h3 class=\"widget-title\">KANE<\/h3>\n<div class=\"siteorigin-widget-tinymce textwidget\">\n\t<p>KANE<\/p>\n<\/div>\n<\/div><\/div><\/div><\/div><div id=\"pg-1659-1\"  class=\"panel-grid panel-no-style\" ><div id=\"pgc-1659-1-0\"  class=\"panel-grid-cell\" ><div id=\"panel-1659-1-0-0\" class=\"so-panel widget widget_sow-editor panel-first-child panel-last-child\" data-index=\"1\" ><div class=\"so-widget-sow-editor so-widget-sow-editor-base\"><h3 class=\"widget-title\">KANE<\/h3>\n<div class=\"siteorigin-widget-tinymce textwidget\">\n\t<p><img loading=\"lazy\" class=\"aligncenter wp-image-1660 size-full\" src=\"http:\/\/www.refuge-animaux-etretat.fr\/RefugeEtretat\/wp-content\/uploads\/2026\/04\/IMG_5714.jpg\" alt=\"\" width=\"1500\" height=\"2000\" srcset=\"http:\/\/www.refuge-animaux-etretat.fr\/RefugeEtretat\/wp-content\/uploads\/2026\/04\/IMG_5714.jpg 1500w, http:\/\/www.refuge-animaux-etretat.fr\/RefugeEtretat\/wp-content\/uploads\/2026\/04\/IMG_5714-225x300.jpg 225w, http:\/\/www.refuge-animaux-etretat.fr\/RefugeEtretat\/wp-content\/uploads\/2026\/04\/IMG_5714-768x1024.jpg 768w, http:\/\/www.refuge-animaux-etretat.fr\/RefugeEtretat\/wp-content\/uploads\/2026\/04\/IMG_5714-1152x1536.jpg 1152w\" sizes=\"(max-width: 1500px) 100vw, 1500px\" \/><\/p>\n<\/div>\n<\/div><\/div><\/div><div id=\"pgc-1659-1-1\"  class=\"panel-grid-cell\" ><div id=\"panel-1659-1-1-0\" class=\"so-panel widget widget_sow-editor panel-first-child panel-last-child\" data-index=\"2\" ><div class=\"so-widget-sow-editor so-widget-sow-editor-base\"><h3 class=\"widget-title\">KANE<\/h3>\n<div class=\"siteorigin-widget-tinymce textwidget\">\n\t<p>&nbsp;<\/p>\n<ul>\n<li>Race\/Apparence : crois\u00e9 beagle<\/li>\n<li>Ann\u00e9e de naissance : 01\/11\/2024<\/li>\n<li>Sexe : M\u00e2le<\/li>\n<li>Arriv\u00e9s au refuge : 29\/03\/2026<\/li>\n<\/ul>\n<ul>\n<li>OK chats\u00a0 : ?<\/li>\n<li>OK chiens :\u00a0 oui<\/li>\n<li>OK enfants : oui<\/li>\n<\/ul>\n<p>KANE est un chien cr\u00e9ole, arriv\u00e9 sur le territoire fran\u00e7ais lorsqu'il avait 3 mois. Sa famille l'a abandonn\u00e9 car ils n'avaient plus le temps de le g\u00e9rer apr\u00e8s l'arriv\u00e9e d'un b\u00e9b\u00e9 que KANE voulait prot\u00e9ger.<\/p>\n<p>KANE a eu beaucoup de mal \u00e0 se faire \u00e0 la vie en box au refuge. Il ne se laissait pas approcher. Il commence tout juste \u00e0 se d\u00e9tendre. C'est un chien tr\u00e8s gentil, tr\u00e8s agr\u00e9able. Il est propre. Il aime les promenade et ne tire pas en laisse.<\/p>\n<p>&nbsp;<\/p>\n<p>&nbsp;<\/p>\n<p>&nbsp;<\/p>\n<p>&nbsp;<\/p>\n<p>&nbsp;<\/p>\n<p>&nbsp;<\/p>\n<p>&nbsp;<\/p>\n<p>&nbsp;<\/p>\n<p>&nbsp;<\/p>\n<p>&nbsp;<\/p>\n<p>&nbsp;<\/p>\n<p>&nbsp;<\/p>\n<p>&nbsp;<\/p>\n<p>&nbsp;<\/p>\n<p>&nbsp;<\/p>\n<p>&nbsp;<\/p>\n<p>&nbsp;<\/p>\n<p>&nbsp;<\/p>\n<p>&nbsp;<\/p>\n<p>&nbsp;<\/p>\n<p>&nbsp;<\/p>\n<p>&nbsp;<\/p>\n<p>&nbsp;<\/p>\n<p>.<\/p>\n<p>&nbsp;<\/p>\n<p>&nbsp;<\/p>\n<p>&nbsp;<\/p>\n<p>&nbsp;<\/p>\n<p>&nbsp;<\/p>\n<p>&nbsp;<\/p>\n<p>&nbsp;<\/p>\n<p>&nbsp;<\/p>\n<p>&nbsp;<\/p>\n<p>&nbsp;<\/p>\n<p>&nbsp;<\/p>\n<p>&nbsp;<\/p>\n<p>&nbsp;<\/p>\n<p>&nbsp;<\/p>\n<p>&nbsp;<\/p>\n<p>&nbsp;<\/p>\n<p>&nbsp;<\/p>\n<p>&nbsp;<\/p>\n<p>&nbsp;<\/p>\n<p>&nbsp;<\/p>\n<p>&nbsp;<\/p>\n<p>&nbsp;<\/p>\n<p>&nbsp;<\/p>\n<p>&nbsp;<\/p>\n<p>&nbsp;<\/p>\n<p>&nbsp;<\/p>\n<p>&nbsp;<\/p>\n<p>&nbsp;<\/p>\n<p>&nbsp;<\/p>\n<p>&nbsp;<\/p>\n<p>&nbsp;<\/p>\n<p>&nbsp;<\/p>\n<p>&nbsp;<\/p>\n<p>&nbsp;<\/p>\n<p>&nbsp;<\/p>\n<p>&nbsp;<\/p>\n<p>&nbsp;<\/p>\n<p>&nbsp;<\/p>\n<p>&nbsp;<\/p>\n<p>&nbsp;<\/p>\n<p>&nbsp;<\/p>\n<p>&nbsp;<\/p>\n<p>&nbsp;<\/p>\n<p>&nbsp;<\/p>\n<p>&nbsp;<\/p>\n<p>&nbsp;<\/p>\n<p>&nbsp;<\/p>\n<p>&nbsp;<\/p>\n<p>&nbsp;<\/p>\n<p>&nbsp;<\/p>\n<p>&nbsp;<\/p>\n<p>&nbsp;<\/p>\n<p>&nbsp;<\/p>\n<p>&nbsp;<\/p>\n<p>&nbsp;<\/p>\n<p>&nbsp;<\/p>\n<p>&nbsp;<\/p>\n<p>&nbsp;<\/p>\n<p>&nbsp;<\/p>\n<p>&nbsp;<\/p>\n<p>&nbsp;<\/p>\n<p>.<\/p>\n<p>&nbsp;<\/p>\n<p>&nbsp;<\/p>\n<p>&nbsp;<\/p>\n<p>&nbsp;<\/p>\n<p>&nbsp;<\/p>\n<p>&nbsp;<\/p>\n<p>&nbsp;<\/p>\n<p>&nbsp;<\/p>\n<p>&nbsp;<\/p>\n<p>&nbsp;<\/p>\n<p>&nbsp;<\/p>\n<p>&nbsp;<\/p>\n<p>&nbsp;<\/p>\n<p>&nbsp;<\/p>\n<p>&nbsp;<\/p>\n<\/div>\n<\/div><\/div><\/div><\/div><div id=\"pg-1659-2\"  class=\"panel-grid panel-no-style\" ><div id=\"pgc-1659-2-0\"  class=\"panel-grid-cell\" ><div id=\"panel-1659-2-0-0\" class=\"so-panel widget widget_sow-editor panel-first-child panel-last-child\" data-index=\"3\" ><div class=\"so-widget-sow-editor so-widget-sow-editor-base\">\n<div class=\"siteorigin-widget-tinymce textwidget\">\n\t<hr class=\"symple-divider dashed \" style=\"margin-top: 25px;margin-bottom: 25px;\" \/>\n<\/div>\n<\/div><\/div><\/div><\/div><\/div>","protected":false},"excerpt":{"rendered":"<p>KANE &nbsp; Race\/Apparence : crois\u00e9 beagle Ann\u00e9e de naissance : 01\/11\/2024 Sexe : M\u00e2le Arriv\u00e9s au refuge : 29\/03\/2026 OK chats\u00a0 : ? OK chiens :\u00a0 oui OK enfants : oui KANE est un chien cr\u00e9ole, arriv\u00e9 sur le territoire fran\u00e7ais lorsqu&rsquo;il avait 3 mois. Sa famille l&rsquo;a abandonn\u00e9 car ils n&rsquo;avaient plus le tempsLire la suite &rarr;<\/p>\n","protected":false},"author":1,"featured_media":1661,"comment_status":"closed","ping_status":"open","sticky":false,"template":"","format":"standard","meta":[],"categories":[2],"tags":[],"yoast_head":"<!-- This site is optimized with the Yoast SEO plugin v15.3 - https:\/\/yoast.com\/wordpress\/plugins\/seo\/ -->\n<title>KANE | Refuge d&#039;Etretat<\/title>\n<meta name=\"robots\" content=\"noindex, follow\" \/>\n<meta property=\"og:locale\" content=\"fr_FR\" \/>\n<meta property=\"og:type\" content=\"article\" \/>\n<meta property=\"og:title\" content=\"KANE | Refuge d&#039;Etretat\" \/>\n<meta property=\"og:description\" content=\"KANE &nbsp; Race\/Apparence : crois\u00e9 beagle Ann\u00e9e de naissance : 01\/11\/2024 Sexe : M\u00e2le Arriv\u00e9s au refuge : 29\/03\/2026 OK chats\u00a0 : ? OK chiens :\u00a0 oui OK enfants : oui KANE est un chien cr\u00e9ole, arriv\u00e9 sur le territoire fran\u00e7ais lorsqu&#039;il avait 3 mois. Sa famille l&#039;a abandonn\u00e9 car ils n&#039;avaient plus le tempsLire la suite &rarr;\" \/>\n<meta property=\"og:url\" content=\"http:\/\/www.refuge-animaux-etretat.fr\/RefugeEtretat\/kane\/\" \/>\n<meta property=\"og:site_name\" content=\"Refuge d&#039;Etretat\" \/>\n<meta property=\"article:published_time\" content=\"2026-04-20T17:47:19+00:00\" \/>\n<meta property=\"article:modified_time\" content=\"2026-04-20T18:04:55+00:00\" \/>\n<meta property=\"og:image\" content=\"http:\/\/www.refuge-animaux-etretat.fr\/RefugeEtretat\/wp-content\/uploads\/2026\/04\/IMG_5712.jpg\" \/>\n\t<meta property=\"og:image:width\" content=\"720\" \/>\n\t<meta property=\"og:image:height\" content=\"960\" \/>\n<meta name=\"twitter:card\" content=\"summary_large_image\" \/>\n<meta name=\"twitter:label1\" content=\"\u00c9crit par\">\n\t<meta name=\"twitter:data1\" content=\"Refuge Etretat\">\n\t<meta name=\"twitter:label2\" content=\"Dur\u00e9e de lecture est.\">\n\t<meta name=\"twitter:data2\" content=\"1 minute\">\n<script type=\"application\/ld+json\" class=\"yoast-schema-graph\">{\"@context\":\"https:\/\/schema.org\",\"@graph\":[{\"@type\":\"Organization\",\"@id\":\"http:\/\/www.refuge-animaux-etretat.fr\/RefugeEtretat\/#organization\",\"name\":\"Refuge d'Etretat\",\"url\":\"http:\/\/www.refuge-animaux-etretat.fr\/RefugeEtretat\/\",\"sameAs\":[],\"logo\":{\"@type\":\"ImageObject\",\"@id\":\"http:\/\/www.refuge-animaux-etretat.fr\/RefugeEtretat\/#logo\",\"inLanguage\":\"fr-FR\",\"url\":\"http:\/\/www.refuge-animaux-etretat.fr\/RefugeEtretat\/wp-content\/uploads\/2018\/09\/Refuge-Etretat-logo.png\",\"width\":413,\"height\":413,\"caption\":\"Refuge d'Etretat\"},\"image\":{\"@id\":\"http:\/\/www.refuge-animaux-etretat.fr\/RefugeEtretat\/#logo\"}},{\"@type\":\"WebSite\",\"@id\":\"http:\/\/www.refuge-animaux-etretat.fr\/RefugeEtretat\/#website\",\"url\":\"http:\/\/www.refuge-animaux-etretat.fr\/RefugeEtretat\/\",\"name\":\"Refuge d&#039;Etretat\",\"description\":\"\",\"publisher\":{\"@id\":\"http:\/\/www.refuge-animaux-etretat.fr\/RefugeEtretat\/#organization\"},\"potentialAction\":[{\"@type\":\"SearchAction\",\"target\":\"http:\/\/www.refuge-animaux-etretat.fr\/RefugeEtretat\/?s={search_term_string}\",\"query-input\":\"required name=search_term_string\"}],\"inLanguage\":\"fr-FR\"},{\"@type\":\"ImageObject\",\"@id\":\"http:\/\/www.refuge-animaux-etretat.fr\/RefugeEtretat\/kane\/#primaryimage\",\"inLanguage\":\"fr-FR\",\"url\":\"http:\/\/www.refuge-animaux-etretat.fr\/RefugeEtretat\/wp-content\/uploads\/2026\/04\/IMG_5712.jpg\",\"width\":720,\"height\":960},{\"@type\":\"WebPage\",\"@id\":\"http:\/\/www.refuge-animaux-etretat.fr\/RefugeEtretat\/kane\/#webpage\",\"url\":\"http:\/\/www.refuge-animaux-etretat.fr\/RefugeEtretat\/kane\/\",\"name\":\"KANE | Refuge d&#039;Etretat\",\"isPartOf\":{\"@id\":\"http:\/\/www.refuge-animaux-etretat.fr\/RefugeEtretat\/#website\"},\"primaryImageOfPage\":{\"@id\":\"http:\/\/www.refuge-animaux-etretat.fr\/RefugeEtretat\/kane\/#primaryimage\"},\"datePublished\":\"2026-04-20T17:47:19+00:00\",\"dateModified\":\"2026-04-20T18:04:55+00:00\",\"inLanguage\":\"fr-FR\",\"potentialAction\":[{\"@type\":\"ReadAction\",\"target\":[\"http:\/\/www.refuge-animaux-etretat.fr\/RefugeEtretat\/kane\/\"]}]},{\"@type\":\"Article\",\"@id\":\"http:\/\/www.refuge-animaux-etretat.fr\/RefugeEtretat\/kane\/#article\",\"isPartOf\":{\"@id\":\"http:\/\/www.refuge-animaux-etretat.fr\/RefugeEtretat\/kane\/#webpage\"},\"author\":{\"@id\":\"http:\/\/www.refuge-animaux-etretat.fr\/RefugeEtretat\/#\/schema\/person\/01a0f3afd0e4067faff4a15c717cedb0\"},\"headline\":\"KANE\",\"datePublished\":\"2026-04-20T17:47:19+00:00\",\"dateModified\":\"2026-04-20T18:04:55+00:00\",\"mainEntityOfPage\":{\"@id\":\"http:\/\/www.refuge-animaux-etretat.fr\/RefugeEtretat\/kane\/#webpage\"},\"publisher\":{\"@id\":\"http:\/\/www.refuge-animaux-etretat.fr\/RefugeEtretat\/#organization\"},\"image\":{\"@id\":\"http:\/\/www.refuge-animaux-etretat.fr\/RefugeEtretat\/kane\/#primaryimage\"},\"articleSection\":\"A l'adoption\",\"inLanguage\":\"fr-FR\"},{\"@type\":\"Person\",\"@id\":\"http:\/\/www.refuge-animaux-etretat.fr\/RefugeEtretat\/#\/schema\/person\/01a0f3afd0e4067faff4a15c717cedb0\",\"name\":\"Refuge Etretat\",\"image\":{\"@type\":\"ImageObject\",\"@id\":\"http:\/\/www.refuge-animaux-etretat.fr\/RefugeEtretat\/#personlogo\",\"inLanguage\":\"fr-FR\",\"url\":\"http:\/\/0.gravatar.com\/avatar\/64c19d439b6e9c9d55ce054fd2916ee8?s=96&d=mm&r=g\",\"caption\":\"Refuge Etretat\"}}]}<\/script>\n<!-- \/ Yoast SEO plugin. -->","_links":{"self":[{"href":"http:\/\/www.refuge-animaux-etretat.fr\/RefugeEtretat\/wp-json\/wp\/v2\/posts\/1659"}],"collection":[{"href":"http:\/\/www.refuge-animaux-etretat.fr\/RefugeEtretat\/wp-json\/wp\/v2\/posts"}],"about":[{"href":"http:\/\/www.refuge-animaux-etretat.fr\/RefugeEtretat\/wp-json\/wp\/v2\/types\/post"}],"author":[{"embeddable":true,"href":"http:\/\/www.refuge-animaux-etretat.fr\/RefugeEtretat\/wp-json\/wp\/v2\/users\/1"}],"replies":[{"embeddable":true,"href":"http:\/\/www.refuge-animaux-etretat.fr\/RefugeEtretat\/wp-json\/wp\/v2\/comments?post=1659"}],"version-history":[{"count":2,"href":"http:\/\/www.refuge-animaux-etretat.fr\/RefugeEtretat\/wp-json\/wp\/v2\/posts\/1659\/revisions"}],"predecessor-version":[{"id":1667,"href":"http:\/\/www.refuge-animaux-etretat.fr\/RefugeEtretat\/wp-json\/wp\/v2\/posts\/1659\/revisions\/1667"}],"wp:featuredmedia":[{"embeddable":true,"href":"http:\/\/www.refuge-animaux-etretat.fr\/RefugeEtretat\/wp-json\/wp\/v2\/media\/1661"}],"wp:attachment":[{"href":"http:\/\/www.refuge-animaux-etretat.fr\/RefugeEtretat\/wp-json\/wp\/v2\/media?parent=1659"}],"wp:term":[{"taxonomy":"category","embeddable":true,"href":"http:\/\/www.refuge-animaux-etretat.fr\/RefugeEtretat\/wp-json\/wp\/v2\/categories?post=1659"},{"taxonomy":"post_tag","embeddable":true,"href":"http:\/\/www.refuge-animaux-etretat.fr\/RefugeEtretat\/wp-json\/wp\/v2\/tags?post=1659"}],"curies":[{"name":"wp","href":"https:\/\/api.w.org\/{rel}","templated":true}]}}