{"id":1569,"date":"2025-11-15T18:54:34","date_gmt":"2025-11-15T17:54:34","guid":{"rendered":"http:\/\/www.refuge-animaux-etretat.fr\/RefugeEtretat\/?p=1569"},"modified":"2025-11-16T12:15:24","modified_gmt":"2025-11-16T11:15:24","slug":"sultane","status":"publish","type":"post","link":"http:\/\/www.refuge-animaux-etretat.fr\/RefugeEtretat\/sultane\/","title":{"rendered":"STELLA"},"content":{"rendered":"<div id=\"pl-1569\"  class=\"panel-layout\" ><div id=\"pg-1569-0\"  class=\"panel-grid panel-no-style\" ><div id=\"pgc-1569-0-0\"  class=\"panel-grid-cell\" ><div id=\"panel-1569-0-0-0\" class=\"so-panel widget widget_sow-editor panel-first-child panel-last-child\" data-index=\"0\" ><div class=\"so-widget-sow-editor so-widget-sow-editor-base\"><h3 class=\"widget-title\">STELLA<\/h3>\n<div class=\"siteorigin-widget-tinymce textwidget\">\n\t<p>STELLA<\/p>\n<\/div>\n<\/div><\/div><\/div><\/div><div id=\"pg-1569-1\"  class=\"panel-grid panel-no-style\" ><div id=\"pgc-1569-1-0\"  class=\"panel-grid-cell\" ><div id=\"panel-1569-1-0-0\" class=\"so-panel widget widget_sow-editor panel-first-child panel-last-child\" data-index=\"1\" ><div class=\"so-widget-sow-editor so-widget-sow-editor-base\"><h3 class=\"widget-title\">STELLA<\/h3>\n<div class=\"siteorigin-widget-tinymce textwidget\">\n\t<p data-wp-editing=\"1\"><img loading=\"lazy\" class=\"aligncenter wp-image-1577 size-full\" src=\"http:\/\/www.refuge-animaux-etretat.fr\/RefugeEtretat\/wp-content\/uploads\/2025\/11\/image0000011.jpg\" alt=\"\" width=\"848\" height=\"1130\" srcset=\"http:\/\/www.refuge-animaux-etretat.fr\/RefugeEtretat\/wp-content\/uploads\/2025\/11\/image0000011.jpg 848w, http:\/\/www.refuge-animaux-etretat.fr\/RefugeEtretat\/wp-content\/uploads\/2025\/11\/image0000011-225x300.jpg 225w, http:\/\/www.refuge-animaux-etretat.fr\/RefugeEtretat\/wp-content\/uploads\/2025\/11\/image0000011-768x1023.jpg 768w\" sizes=\"(max-width: 848px) 100vw, 848px\" \/><\/p>\n<\/div>\n<\/div><\/div><\/div><div id=\"pgc-1569-1-1\"  class=\"panel-grid-cell\" ><div id=\"panel-1569-1-1-0\" class=\"so-panel widget widget_sow-editor panel-first-child panel-last-child\" data-index=\"2\" ><div class=\"so-widget-sow-editor so-widget-sow-editor-base\"><h3 class=\"widget-title\">STELLA<\/h3>\n<div class=\"siteorigin-widget-tinymce textwidget\">\n\t<p>&nbsp;<\/p>\n<ul>\n<li>Race\/Apparence : Malinoise - st\u00e9rilis\u00e9e<\/li>\n<li>Ann\u00e9e de naissance : 04\/07\/2019<\/li>\n<li>Sexe : Femelle<\/li>\n<li>Date d'entr\u00e9e au refuge :07\/11\/2025<\/li>\n<\/ul>\n<ul>\n<li>OK chien : ?<\/li>\n<li>Ok\u00a0 enfants : ?<\/li>\n<li>OK chats\u00a0 : oui<\/li>\n<\/ul>\n<p>STELLA est une chienne un peu craintive, car, ne sortant JAMAIS, elle ne conna\u00eet rien du monde ext\u00e9rieur. Cependant STELLA est extr\u00eamement gentille et caline.<\/p>\n<p>&nbsp;<\/p>\n<p>&nbsp;<\/p>\n<p>&nbsp;<\/p>\n<p>.<\/p>\n<p>&nbsp;<\/p>\n<p>&nbsp;<\/p>\n<p>&nbsp;<\/p>\n<p>&nbsp;<\/p>\n<p>&nbsp;<\/p>\n<p>&nbsp;<\/p>\n<p>&nbsp;<\/p>\n<p>&nbsp;<\/p>\n<p>&nbsp;<\/p>\n<p>&nbsp;<\/p>\n<p>&nbsp;<\/p>\n<p>&nbsp;<\/p>\n<p>&nbsp;<\/p>\n<p>&nbsp;<\/p>\n<p>&nbsp;<\/p>\n<p>&nbsp;<\/p>\n<p>&nbsp;<\/p>\n<p>&nbsp;<\/p>\n<p>&nbsp;<\/p>\n<p>&nbsp;<\/p>\n<p>&nbsp;<\/p>\n<p>&nbsp;<\/p>\n<p>&nbsp;<\/p>\n<p>&nbsp;<\/p>\n<p>&nbsp;<\/p>\n<p>&nbsp;<\/p>\n<p>&nbsp;<\/p>\n<p>&nbsp;<\/p>\n<p>&nbsp;<\/p>\n<p>&nbsp;<\/p>\n<p>&nbsp;<\/p>\n<p>&nbsp;<\/p>\n<p>&nbsp;<\/p>\n<p>&nbsp;<\/p>\n<p>&nbsp;<\/p>\n<p>&nbsp;<\/p>\n<p>&nbsp;<\/p>\n<p>&nbsp;<\/p>\n<p>&nbsp;<\/p>\n<p>&nbsp;<\/p>\n<p>&nbsp;<\/p>\n<p>&nbsp;<\/p>\n<p>&nbsp;<\/p>\n<p>&nbsp;<\/p>\n<p>&nbsp;<\/p>\n<p>&nbsp;<\/p>\n<p>&nbsp;<\/p>\n<p>&nbsp;<\/p>\n<p>&nbsp;<\/p>\n<p>&nbsp;<\/p>\n<p>&nbsp;<\/p>\n<p>&nbsp;<\/p>\n<p>&nbsp;<\/p>\n<p>&nbsp;<\/p>\n<p>&nbsp;<\/p>\n<p>&nbsp;<\/p>\n<p>&nbsp;<\/p>\n<p>&nbsp;<\/p>\n<p>&nbsp;<\/p>\n<p>&nbsp;<\/p>\n<p>&nbsp;<\/p>\n<p>.<\/p>\n<p>&nbsp;<\/p>\n<p>&nbsp;<\/p>\n<p>&nbsp;<\/p>\n<p>&nbsp;<\/p>\n<p>&nbsp;<\/p>\n<p>&nbsp;<\/p>\n<p>&nbsp;<\/p>\n<p>&nbsp;<\/p>\n<p>&nbsp;<\/p>\n<p>&nbsp;<\/p>\n<p>&nbsp;<\/p>\n<p>&nbsp;<\/p>\n<p>&nbsp;<\/p>\n<p>&nbsp;<\/p>\n<p>&nbsp;<\/p>\n<\/div>\n<\/div><\/div><\/div><\/div><div id=\"pg-1569-2\"  class=\"panel-grid panel-no-style\" ><div id=\"pgc-1569-2-0\"  class=\"panel-grid-cell\" ><div id=\"panel-1569-2-0-0\" class=\"so-panel widget widget_sow-editor panel-first-child panel-last-child\" data-index=\"3\" ><div class=\"so-widget-sow-editor so-widget-sow-editor-base\">\n<div class=\"siteorigin-widget-tinymce textwidget\">\n\t<hr class=\"symple-divider dashed \" style=\"margin-top: 25px;margin-bottom: 25px;\" \/>\n<\/div>\n<\/div><\/div><\/div><\/div><\/div>","protected":false},"excerpt":{"rendered":"<p>STELLA &nbsp; Race\/Apparence : Malinoise &#8211; st\u00e9rilis\u00e9e Ann\u00e9e de naissance : 04\/07\/2019 Sexe : Femelle Date d&rsquo;entr\u00e9e au refuge :07\/11\/2025 OK chien : ? Ok\u00a0 enfants : ? OK chats\u00a0 : oui STELLA est une chienne un peu craintive, car, ne sortant JAMAIS, elle ne conna\u00eet rien du monde ext\u00e9rieur. Cependant STELLA est extr\u00eamement gentilleLire la suite &rarr;<\/p>\n","protected":false},"author":1,"featured_media":1578,"comment_status":"closed","ping_status":"open","sticky":false,"template":"","format":"standard","meta":[],"categories":[2],"tags":[],"yoast_head":"<!-- This site is optimized with the Yoast SEO plugin v15.3 - https:\/\/yoast.com\/wordpress\/plugins\/seo\/ -->\n<title>STELLA | Refuge d&#039;Etretat<\/title>\n<meta name=\"robots\" content=\"noindex, follow\" \/>\n<meta property=\"og:locale\" content=\"fr_FR\" \/>\n<meta property=\"og:type\" content=\"article\" \/>\n<meta property=\"og:title\" content=\"STELLA | Refuge d&#039;Etretat\" \/>\n<meta property=\"og:description\" content=\"STELLA &nbsp; Race\/Apparence : Malinoise - st\u00e9rilis\u00e9e Ann\u00e9e de naissance : 04\/07\/2019 Sexe : Femelle Date d&#039;entr\u00e9e au refuge :07\/11\/2025 OK chien : ? Ok\u00a0 enfants : ? OK chats\u00a0 : oui STELLA est une chienne un peu craintive, car, ne sortant JAMAIS, elle ne conna\u00eet rien du monde ext\u00e9rieur. Cependant STELLA est extr\u00eamement gentilleLire la suite &rarr;\" \/>\n<meta property=\"og:url\" content=\"http:\/\/www.refuge-animaux-etretat.fr\/RefugeEtretat\/sultane\/\" \/>\n<meta property=\"og:site_name\" content=\"Refuge d&#039;Etretat\" \/>\n<meta property=\"article:published_time\" content=\"2025-11-15T17:54:34+00:00\" \/>\n<meta property=\"article:modified_time\" content=\"2025-11-16T11:15:24+00:00\" \/>\n<meta property=\"og:image\" content=\"http:\/\/www.refuge-animaux-etretat.fr\/RefugeEtretat\/wp-content\/uploads\/2025\/11\/image00000111-2.jpg\" \/>\n\t<meta property=\"og:image:width\" content=\"998\" \/>\n\t<meta property=\"og:image:height\" content=\"1131\" \/>\n<meta name=\"twitter:card\" content=\"summary_large_image\" \/>\n<meta name=\"twitter:label1\" content=\"\u00c9crit par\">\n\t<meta name=\"twitter:data1\" content=\"Refuge Etretat\">\n\t<meta name=\"twitter:label2\" content=\"Dur\u00e9e de lecture est.\">\n\t<meta name=\"twitter:data2\" content=\"1 minute\">\n<script type=\"application\/ld+json\" class=\"yoast-schema-graph\">{\"@context\":\"https:\/\/schema.org\",\"@graph\":[{\"@type\":\"Organization\",\"@id\":\"http:\/\/www.refuge-animaux-etretat.fr\/RefugeEtretat\/#organization\",\"name\":\"Refuge d'Etretat\",\"url\":\"http:\/\/www.refuge-animaux-etretat.fr\/RefugeEtretat\/\",\"sameAs\":[],\"logo\":{\"@type\":\"ImageObject\",\"@id\":\"http:\/\/www.refuge-animaux-etretat.fr\/RefugeEtretat\/#logo\",\"inLanguage\":\"fr-FR\",\"url\":\"http:\/\/www.refuge-animaux-etretat.fr\/RefugeEtretat\/wp-content\/uploads\/2018\/09\/Refuge-Etretat-logo.png\",\"width\":413,\"height\":413,\"caption\":\"Refuge d'Etretat\"},\"image\":{\"@id\":\"http:\/\/www.refuge-animaux-etretat.fr\/RefugeEtretat\/#logo\"}},{\"@type\":\"WebSite\",\"@id\":\"http:\/\/www.refuge-animaux-etretat.fr\/RefugeEtretat\/#website\",\"url\":\"http:\/\/www.refuge-animaux-etretat.fr\/RefugeEtretat\/\",\"name\":\"Refuge d&#039;Etretat\",\"description\":\"\",\"publisher\":{\"@id\":\"http:\/\/www.refuge-animaux-etretat.fr\/RefugeEtretat\/#organization\"},\"potentialAction\":[{\"@type\":\"SearchAction\",\"target\":\"http:\/\/www.refuge-animaux-etretat.fr\/RefugeEtretat\/?s={search_term_string}\",\"query-input\":\"required name=search_term_string\"}],\"inLanguage\":\"fr-FR\"},{\"@type\":\"ImageObject\",\"@id\":\"http:\/\/www.refuge-animaux-etretat.fr\/RefugeEtretat\/sultane\/#primaryimage\",\"inLanguage\":\"fr-FR\",\"url\":\"http:\/\/www.refuge-animaux-etretat.fr\/RefugeEtretat\/wp-content\/uploads\/2025\/11\/image00000111-2.jpg\",\"width\":998,\"height\":1131},{\"@type\":\"WebPage\",\"@id\":\"http:\/\/www.refuge-animaux-etretat.fr\/RefugeEtretat\/sultane\/#webpage\",\"url\":\"http:\/\/www.refuge-animaux-etretat.fr\/RefugeEtretat\/sultane\/\",\"name\":\"STELLA | Refuge d&#039;Etretat\",\"isPartOf\":{\"@id\":\"http:\/\/www.refuge-animaux-etretat.fr\/RefugeEtretat\/#website\"},\"primaryImageOfPage\":{\"@id\":\"http:\/\/www.refuge-animaux-etretat.fr\/RefugeEtretat\/sultane\/#primaryimage\"},\"datePublished\":\"2025-11-15T17:54:34+00:00\",\"dateModified\":\"2025-11-16T11:15:24+00:00\",\"inLanguage\":\"fr-FR\",\"potentialAction\":[{\"@type\":\"ReadAction\",\"target\":[\"http:\/\/www.refuge-animaux-etretat.fr\/RefugeEtretat\/sultane\/\"]}]},{\"@type\":\"Article\",\"@id\":\"http:\/\/www.refuge-animaux-etretat.fr\/RefugeEtretat\/sultane\/#article\",\"isPartOf\":{\"@id\":\"http:\/\/www.refuge-animaux-etretat.fr\/RefugeEtretat\/sultane\/#webpage\"},\"author\":{\"@id\":\"http:\/\/www.refuge-animaux-etretat.fr\/RefugeEtretat\/#\/schema\/person\/01a0f3afd0e4067faff4a15c717cedb0\"},\"headline\":\"STELLA\",\"datePublished\":\"2025-11-15T17:54:34+00:00\",\"dateModified\":\"2025-11-16T11:15:24+00:00\",\"mainEntityOfPage\":{\"@id\":\"http:\/\/www.refuge-animaux-etretat.fr\/RefugeEtretat\/sultane\/#webpage\"},\"publisher\":{\"@id\":\"http:\/\/www.refuge-animaux-etretat.fr\/RefugeEtretat\/#organization\"},\"image\":{\"@id\":\"http:\/\/www.refuge-animaux-etretat.fr\/RefugeEtretat\/sultane\/#primaryimage\"},\"articleSection\":\"A l'adoption\",\"inLanguage\":\"fr-FR\"},{\"@type\":\"Person\",\"@id\":\"http:\/\/www.refuge-animaux-etretat.fr\/RefugeEtretat\/#\/schema\/person\/01a0f3afd0e4067faff4a15c717cedb0\",\"name\":\"Refuge Etretat\",\"image\":{\"@type\":\"ImageObject\",\"@id\":\"http:\/\/www.refuge-animaux-etretat.fr\/RefugeEtretat\/#personlogo\",\"inLanguage\":\"fr-FR\",\"url\":\"http:\/\/0.gravatar.com\/avatar\/64c19d439b6e9c9d55ce054fd2916ee8?s=96&d=mm&r=g\",\"caption\":\"Refuge Etretat\"}}]}<\/script>\n<!-- \/ Yoast SEO plugin. -->","_links":{"self":[{"href":"http:\/\/www.refuge-animaux-etretat.fr\/RefugeEtretat\/wp-json\/wp\/v2\/posts\/1569"}],"collection":[{"href":"http:\/\/www.refuge-animaux-etretat.fr\/RefugeEtretat\/wp-json\/wp\/v2\/posts"}],"about":[{"href":"http:\/\/www.refuge-animaux-etretat.fr\/RefugeEtretat\/wp-json\/wp\/v2\/types\/post"}],"author":[{"embeddable":true,"href":"http:\/\/www.refuge-animaux-etretat.fr\/RefugeEtretat\/wp-json\/wp\/v2\/users\/1"}],"replies":[{"embeddable":true,"href":"http:\/\/www.refuge-animaux-etretat.fr\/RefugeEtretat\/wp-json\/wp\/v2\/comments?post=1569"}],"version-history":[{"count":4,"href":"http:\/\/www.refuge-animaux-etretat.fr\/RefugeEtretat\/wp-json\/wp\/v2\/posts\/1569\/revisions"}],"predecessor-version":[{"id":1579,"href":"http:\/\/www.refuge-animaux-etretat.fr\/RefugeEtretat\/wp-json\/wp\/v2\/posts\/1569\/revisions\/1579"}],"wp:featuredmedia":[{"embeddable":true,"href":"http:\/\/www.refuge-animaux-etretat.fr\/RefugeEtretat\/wp-json\/wp\/v2\/media\/1578"}],"wp:attachment":[{"href":"http:\/\/www.refuge-animaux-etretat.fr\/RefugeEtretat\/wp-json\/wp\/v2\/media?parent=1569"}],"wp:term":[{"taxonomy":"category","embeddable":true,"href":"http:\/\/www.refuge-animaux-etretat.fr\/RefugeEtretat\/wp-json\/wp\/v2\/categories?post=1569"},{"taxonomy":"post_tag","embeddable":true,"href":"http:\/\/www.refuge-animaux-etretat.fr\/RefugeEtretat\/wp-json\/wp\/v2\/tags?post=1569"}],"curies":[{"name":"wp","href":"https:\/\/api.w.org\/{rel}","templated":true}]}}