{"id":1444,"date":"2025-06-02T14:11:05","date_gmt":"2025-06-02T12:11:05","guid":{"rendered":"http:\/\/www.refuge-animaux-etretat.fr\/RefugeEtretat\/?p=1444"},"modified":"2025-12-28T15:25:45","modified_gmt":"2025-12-28T14:25:45","slug":"bouba","status":"publish","type":"post","link":"http:\/\/www.refuge-animaux-etretat.fr\/RefugeEtretat\/bouba\/","title":{"rendered":"ARES"},"content":{"rendered":"<div id=\"pl-1444\"  class=\"panel-layout\" ><div id=\"pg-1444-0\"  class=\"panel-grid panel-no-style\" ><div id=\"pgc-1444-0-0\"  class=\"panel-grid-cell\" ><div id=\"panel-1444-0-0-0\" class=\"so-panel widget widget_sow-editor panel-first-child panel-last-child\" data-index=\"0\" ><div class=\"so-widget-sow-editor so-widget-sow-editor-base\"><h3 class=\"widget-title\">ARES<\/h3>\n<div class=\"siteorigin-widget-tinymce textwidget\">\n\t<p>ARES<\/p>\n<\/div>\n<\/div><\/div><\/div><\/div><div id=\"pg-1444-1\"  class=\"panel-grid panel-no-style\" ><div id=\"pgc-1444-1-0\"  class=\"panel-grid-cell\" ><div id=\"panel-1444-1-0-0\" class=\"so-panel widget widget_sow-editor panel-first-child panel-last-child\" data-index=\"1\" ><div class=\"so-widget-sow-editor so-widget-sow-editor-base\"><h3 class=\"widget-title\">ARES<\/h3>\n<div class=\"siteorigin-widget-tinymce textwidget\">\n\t<div id=\"attachment_1590\" style=\"width: 1450px\" class=\"wp-caption aligncenter\"><img aria-describedby=\"caption-attachment-1590\" loading=\"lazy\" class=\"wp-image-1590 size-full\" src=\"http:\/\/www.refuge-animaux-etretat.fr\/RefugeEtretat\/wp-content\/uploads\/2025\/06\/IMG_5157-scaled.jpg\" alt=\"\" width=\"1440\" height=\"2560\" srcset=\"http:\/\/www.refuge-animaux-etretat.fr\/RefugeEtretat\/wp-content\/uploads\/2025\/06\/IMG_5157-scaled.jpg 1440w, http:\/\/www.refuge-animaux-etretat.fr\/RefugeEtretat\/wp-content\/uploads\/2025\/06\/IMG_5157-169x300.jpg 169w, http:\/\/www.refuge-animaux-etretat.fr\/RefugeEtretat\/wp-content\/uploads\/2025\/06\/IMG_5157-576x1024.jpg 576w, http:\/\/www.refuge-animaux-etretat.fr\/RefugeEtretat\/wp-content\/uploads\/2025\/06\/IMG_5157-768x1365.jpg 768w, http:\/\/www.refuge-animaux-etretat.fr\/RefugeEtretat\/wp-content\/uploads\/2025\/06\/IMG_5157-864x1536.jpg 864w, http:\/\/www.refuge-animaux-etretat.fr\/RefugeEtretat\/wp-content\/uploads\/2025\/06\/IMG_5157-1152x2048.jpg 1152w\" sizes=\"(max-width: 1440px) 100vw, 1440px\" \/><p id=\"caption-attachment-1590\" class=\"wp-caption-text\">ARES<\/p><\/div>\n<\/div>\n<\/div><\/div><\/div><div id=\"pgc-1444-1-1\"  class=\"panel-grid-cell\" ><div id=\"panel-1444-1-1-0\" class=\"so-panel widget widget_sow-editor panel-first-child panel-last-child\" data-index=\"2\" ><div class=\"so-widget-sow-editor so-widget-sow-editor-base\"><h3 class=\"widget-title\">ARES<\/h3>\n<div class=\"siteorigin-widget-tinymce textwidget\">\n\t<p>&nbsp;<\/p>\n<ul>\n<li>Race\/Apparence :crois\u00e9 labrador<\/li>\n<li>Ann\u00e9e de naissance : 01\/09\/2024<\/li>\n<li>Sexe : M\u00e2le<\/li>\n<li>Date d'entr\u00e9e au refuge : 08\/07\/2025<\/li>\n<\/ul>\n<ul>\n<li>ok chien : oui ?<\/li>\n<li>Ok enfants : ?<\/li>\n<li>OK chats : ?<\/li>\n<\/ul>\n<p>La bien folle et bien triste histoire d'ARES : une personne (ancienne propri\u00e9taire) envoie un mail au refuge pour avoir des nouvelles de son chien que son mari \u00e9tait cens\u00e9 nous amener pour un abandon volontaire pendant le week end sauf que nous n'avons pas accueilli de chien pendant ce week end. Parall\u00e8lement, ce m\u00eame samedi un chien ayant les m\u00eames caract\u00e9ristiques que le chien d\u00e9crit par la personne (ancienne propri\u00e9taire) est trouv\u00e9 \u00e0 Vattetot et d\u00e9pos\u00e9 \u00e0 la fourri\u00e8re. Vous devinez la suite...<\/p>\n<p>ARES est l'exemple type du \"beau cadeau de Noel\" qui devient ing\u00e9rable car gros b\u00e9b\u00e9 qui fait pleins de b\u00eatises parce qu'il ne re\u00e7oit aucune \u00e9ducation et qu'on abandonne LACHEMENT dans la campagne. C'est facile, il n'est m\u00eame pas IDENTIFIE.<\/p>\n<p>Nous ne connaissons rien de son pass\u00e9. Il ne sait absolument pas marcher en laisse. ARES est un super gentil loulou qu'il va falloir \u00e9duquer<\/p>\n<p>&nbsp;<\/p>\n<p>&nbsp;<\/p>\n<p>&nbsp;<\/p>\n<p>&nbsp;<\/p>\n<p>&nbsp;<\/p>\n<p>&nbsp;<\/p>\n<p>&nbsp;<\/p>\n<p>&nbsp;<\/p>\n<p>&nbsp;<\/p>\n<p>&nbsp;<\/p>\n<p>&nbsp;<\/p>\n<p>&nbsp;<\/p>\n<p>&nbsp;<\/p>\n<p>&nbsp;<\/p>\n<p>&nbsp;<\/p>\n<p>&nbsp;<\/p>\n<p>&nbsp;<\/p>\n<p>&nbsp;<\/p>\n<p>&nbsp;<\/p>\n<p>&nbsp;<\/p>\n<p>&nbsp;<\/p>\n<p>&nbsp;<\/p>\n<p>&nbsp;<\/p>\n<p>&nbsp;<\/p>\n<p>&nbsp;<\/p>\n<p>&nbsp;<\/p>\n<p>&nbsp;<\/p>\n<p>&nbsp;<\/p>\n<p>&nbsp;<\/p>\n<p>&nbsp;<\/p>\n<p>&nbsp;<\/p>\n<p>&nbsp;<\/p>\n<p>.<\/p>\n<p>&nbsp;<\/p>\n<p>&nbsp;<\/p>\n<p>&nbsp;<\/p>\n<p>&nbsp;<\/p>\n<p>&nbsp;<\/p>\n<p>&nbsp;<\/p>\n<p>&nbsp;<\/p>\n<p>&nbsp;<\/p>\n<p>&nbsp;<\/p>\n<p>&nbsp;<\/p>\n<p>&nbsp;<\/p>\n<p>&nbsp;<\/p>\n<p>&nbsp;<\/p>\n<p>&nbsp;<\/p>\n<p>&nbsp;<\/p>\n<\/div>\n<\/div><\/div><\/div><\/div><div id=\"pg-1444-2\"  class=\"panel-grid panel-no-style\" ><div id=\"pgc-1444-2-0\"  class=\"panel-grid-cell\" ><div id=\"panel-1444-2-0-0\" class=\"so-panel widget widget_sow-editor panel-first-child panel-last-child\" data-index=\"3\" ><div class=\"so-widget-sow-editor so-widget-sow-editor-base\">\n<div class=\"siteorigin-widget-tinymce textwidget\">\n\t<hr class=\"symple-divider dashed \" style=\"margin-top: 25px;margin-bottom: 25px;\" \/>\n<\/div>\n<\/div><\/div><\/div><\/div><\/div>","protected":false},"excerpt":{"rendered":"<p>ARES &nbsp; Race\/Apparence :crois\u00e9 labrador Ann\u00e9e de naissance : 01\/09\/2024 Sexe : M\u00e2le Date d&rsquo;entr\u00e9e au refuge : 08\/07\/2025 ok chien : oui ? Ok enfants : ? OK chats : ? La bien folle et bien triste histoire d&rsquo;ARES : une personne (ancienne propri\u00e9taire) envoie un mail au refuge pour avoir des nouvelles deLire la suite &rarr;<\/p>\n","protected":false},"author":1,"featured_media":1477,"comment_status":"closed","ping_status":"open","sticky":false,"template":"","format":"standard","meta":[],"categories":[2],"tags":[],"yoast_head":"<!-- This site is optimized with the Yoast SEO plugin v15.3 - https:\/\/yoast.com\/wordpress\/plugins\/seo\/ -->\n<title>ARES | Refuge d&#039;Etretat<\/title>\n<meta name=\"robots\" content=\"noindex, follow\" \/>\n<meta property=\"og:locale\" content=\"fr_FR\" \/>\n<meta property=\"og:type\" content=\"article\" \/>\n<meta property=\"og:title\" content=\"ARES | Refuge d&#039;Etretat\" \/>\n<meta property=\"og:description\" content=\"ARES &nbsp; Race\/Apparence :crois\u00e9 labrador Ann\u00e9e de naissance : 01\/09\/2024 Sexe : M\u00e2le Date d&#039;entr\u00e9e au refuge : 08\/07\/2025 ok chien : oui ? Ok enfants : ? OK chats : ? La bien folle et bien triste histoire d&#039;ARES : une personne (ancienne propri\u00e9taire) envoie un mail au refuge pour avoir des nouvelles deLire la suite &rarr;\" \/>\n<meta property=\"og:url\" content=\"http:\/\/www.refuge-animaux-etretat.fr\/RefugeEtretat\/bouba\/\" \/>\n<meta property=\"og:site_name\" content=\"Refuge d&#039;Etretat\" \/>\n<meta property=\"article:published_time\" content=\"2025-06-02T12:11:05+00:00\" \/>\n<meta property=\"article:modified_time\" content=\"2025-12-28T14:25:45+00:00\" \/>\n<meta property=\"og:image\" content=\"http:\/\/www.refuge-animaux-etretat.fr\/RefugeEtretat\/wp-content\/uploads\/2025\/06\/IMG_4855.jpg\" \/>\n\t<meta property=\"og:image:width\" content=\"1074\" \/>\n\t<meta property=\"og:image:height\" content=\"1406\" \/>\n<meta name=\"twitter:card\" content=\"summary_large_image\" \/>\n<meta name=\"twitter:label1\" content=\"\u00c9crit par\">\n\t<meta name=\"twitter:data1\" content=\"Refuge Etretat\">\n\t<meta name=\"twitter:label2\" content=\"Dur\u00e9e de lecture est.\">\n\t<meta name=\"twitter:data2\" content=\"1 minute\">\n<script type=\"application\/ld+json\" class=\"yoast-schema-graph\">{\"@context\":\"https:\/\/schema.org\",\"@graph\":[{\"@type\":\"Organization\",\"@id\":\"http:\/\/www.refuge-animaux-etretat.fr\/RefugeEtretat\/#organization\",\"name\":\"Refuge d'Etretat\",\"url\":\"http:\/\/www.refuge-animaux-etretat.fr\/RefugeEtretat\/\",\"sameAs\":[],\"logo\":{\"@type\":\"ImageObject\",\"@id\":\"http:\/\/www.refuge-animaux-etretat.fr\/RefugeEtretat\/#logo\",\"inLanguage\":\"fr-FR\",\"url\":\"http:\/\/www.refuge-animaux-etretat.fr\/RefugeEtretat\/wp-content\/uploads\/2018\/09\/Refuge-Etretat-logo.png\",\"width\":413,\"height\":413,\"caption\":\"Refuge d'Etretat\"},\"image\":{\"@id\":\"http:\/\/www.refuge-animaux-etretat.fr\/RefugeEtretat\/#logo\"}},{\"@type\":\"WebSite\",\"@id\":\"http:\/\/www.refuge-animaux-etretat.fr\/RefugeEtretat\/#website\",\"url\":\"http:\/\/www.refuge-animaux-etretat.fr\/RefugeEtretat\/\",\"name\":\"Refuge d&#039;Etretat\",\"description\":\"\",\"publisher\":{\"@id\":\"http:\/\/www.refuge-animaux-etretat.fr\/RefugeEtretat\/#organization\"},\"potentialAction\":[{\"@type\":\"SearchAction\",\"target\":\"http:\/\/www.refuge-animaux-etretat.fr\/RefugeEtretat\/?s={search_term_string}\",\"query-input\":\"required name=search_term_string\"}],\"inLanguage\":\"fr-FR\"},{\"@type\":\"ImageObject\",\"@id\":\"http:\/\/www.refuge-animaux-etretat.fr\/RefugeEtretat\/bouba\/#primaryimage\",\"inLanguage\":\"fr-FR\",\"url\":\"http:\/\/www.refuge-animaux-etretat.fr\/RefugeEtretat\/wp-content\/uploads\/2025\/06\/IMG_4855.jpg\",\"width\":1074,\"height\":1406},{\"@type\":\"WebPage\",\"@id\":\"http:\/\/www.refuge-animaux-etretat.fr\/RefugeEtretat\/bouba\/#webpage\",\"url\":\"http:\/\/www.refuge-animaux-etretat.fr\/RefugeEtretat\/bouba\/\",\"name\":\"ARES | Refuge d&#039;Etretat\",\"isPartOf\":{\"@id\":\"http:\/\/www.refuge-animaux-etretat.fr\/RefugeEtretat\/#website\"},\"primaryImageOfPage\":{\"@id\":\"http:\/\/www.refuge-animaux-etretat.fr\/RefugeEtretat\/bouba\/#primaryimage\"},\"datePublished\":\"2025-06-02T12:11:05+00:00\",\"dateModified\":\"2025-12-28T14:25:45+00:00\",\"inLanguage\":\"fr-FR\",\"potentialAction\":[{\"@type\":\"ReadAction\",\"target\":[\"http:\/\/www.refuge-animaux-etretat.fr\/RefugeEtretat\/bouba\/\"]}]},{\"@type\":\"Article\",\"@id\":\"http:\/\/www.refuge-animaux-etretat.fr\/RefugeEtretat\/bouba\/#article\",\"isPartOf\":{\"@id\":\"http:\/\/www.refuge-animaux-etretat.fr\/RefugeEtretat\/bouba\/#webpage\"},\"author\":{\"@id\":\"http:\/\/www.refuge-animaux-etretat.fr\/RefugeEtretat\/#\/schema\/person\/01a0f3afd0e4067faff4a15c717cedb0\"},\"headline\":\"ARES\",\"datePublished\":\"2025-06-02T12:11:05+00:00\",\"dateModified\":\"2025-12-28T14:25:45+00:00\",\"mainEntityOfPage\":{\"@id\":\"http:\/\/www.refuge-animaux-etretat.fr\/RefugeEtretat\/bouba\/#webpage\"},\"publisher\":{\"@id\":\"http:\/\/www.refuge-animaux-etretat.fr\/RefugeEtretat\/#organization\"},\"image\":{\"@id\":\"http:\/\/www.refuge-animaux-etretat.fr\/RefugeEtretat\/bouba\/#primaryimage\"},\"articleSection\":\"A l'adoption\",\"inLanguage\":\"fr-FR\"},{\"@type\":\"Person\",\"@id\":\"http:\/\/www.refuge-animaux-etretat.fr\/RefugeEtretat\/#\/schema\/person\/01a0f3afd0e4067faff4a15c717cedb0\",\"name\":\"Refuge Etretat\",\"image\":{\"@type\":\"ImageObject\",\"@id\":\"http:\/\/www.refuge-animaux-etretat.fr\/RefugeEtretat\/#personlogo\",\"inLanguage\":\"fr-FR\",\"url\":\"http:\/\/0.gravatar.com\/avatar\/64c19d439b6e9c9d55ce054fd2916ee8?s=96&d=mm&r=g\",\"caption\":\"Refuge Etretat\"}}]}<\/script>\n<!-- \/ Yoast SEO plugin. -->","_links":{"self":[{"href":"http:\/\/www.refuge-animaux-etretat.fr\/RefugeEtretat\/wp-json\/wp\/v2\/posts\/1444"}],"collection":[{"href":"http:\/\/www.refuge-animaux-etretat.fr\/RefugeEtretat\/wp-json\/wp\/v2\/posts"}],"about":[{"href":"http:\/\/www.refuge-animaux-etretat.fr\/RefugeEtretat\/wp-json\/wp\/v2\/types\/post"}],"author":[{"embeddable":true,"href":"http:\/\/www.refuge-animaux-etretat.fr\/RefugeEtretat\/wp-json\/wp\/v2\/users\/1"}],"replies":[{"embeddable":true,"href":"http:\/\/www.refuge-animaux-etretat.fr\/RefugeEtretat\/wp-json\/wp\/v2\/comments?post=1444"}],"version-history":[{"count":5,"href":"http:\/\/www.refuge-animaux-etretat.fr\/RefugeEtretat\/wp-json\/wp\/v2\/posts\/1444\/revisions"}],"predecessor-version":[{"id":1606,"href":"http:\/\/www.refuge-animaux-etretat.fr\/RefugeEtretat\/wp-json\/wp\/v2\/posts\/1444\/revisions\/1606"}],"wp:featuredmedia":[{"embeddable":true,"href":"http:\/\/www.refuge-animaux-etretat.fr\/RefugeEtretat\/wp-json\/wp\/v2\/media\/1477"}],"wp:attachment":[{"href":"http:\/\/www.refuge-animaux-etretat.fr\/RefugeEtretat\/wp-json\/wp\/v2\/media?parent=1444"}],"wp:term":[{"taxonomy":"category","embeddable":true,"href":"http:\/\/www.refuge-animaux-etretat.fr\/RefugeEtretat\/wp-json\/wp\/v2\/categories?post=1444"},{"taxonomy":"post_tag","embeddable":true,"href":"http:\/\/www.refuge-animaux-etretat.fr\/RefugeEtretat\/wp-json\/wp\/v2\/tags?post=1444"}],"curies":[{"name":"wp","href":"https:\/\/api.w.org\/{rel}","templated":true}]}}