{"id":1342,"date":"2025-03-09T16:20:42","date_gmt":"2025-03-09T15:20:42","guid":{"rendered":"http:\/\/www.refuge-animaux-etretat.fr\/RefugeEtretat\/?p=1342"},"modified":"2025-06-04T14:34:36","modified_gmt":"2025-06-04T12:34:36","slug":"patou","status":"publish","type":"post","link":"http:\/\/www.refuge-animaux-etretat.fr\/RefugeEtretat\/patou\/","title":{"rendered":"PATOU"},"content":{"rendered":"<div id=\"pl-1342\"  class=\"panel-layout\" ><div id=\"pg-1342-0\"  class=\"panel-grid panel-no-style\" ><div id=\"pgc-1342-0-0\"  class=\"panel-grid-cell\" ><div id=\"panel-1342-0-0-0\" class=\"so-panel widget widget_sow-editor panel-first-child panel-last-child\" data-index=\"0\" ><div class=\"so-widget-sow-editor so-widget-sow-editor-base\"><h3 class=\"widget-title\">PATOU<\/h3>\n<div class=\"siteorigin-widget-tinymce textwidget\">\n\t<p>PATOU<\/p>\n<\/div>\n<\/div><\/div><\/div><\/div><div id=\"pg-1342-1\"  class=\"panel-grid panel-no-style\" ><div id=\"pgc-1342-1-0\"  class=\"panel-grid-cell\" ><div id=\"panel-1342-1-0-0\" class=\"so-panel widget widget_sow-editor panel-first-child panel-last-child\" data-index=\"1\" ><div class=\"so-widget-sow-editor so-widget-sow-editor-base\"><h3 class=\"widget-title\">PATOU<\/h3>\n<div class=\"siteorigin-widget-tinymce textwidget\">\n\t<p data-wp-editing=\"1\"><img loading=\"lazy\" class=\"aligncenter wp-image-1343 size-full\" src=\"http:\/\/www.refuge-animaux-etretat.fr\/RefugeEtretat\/wp-content\/uploads\/2025\/03\/IMG_4586.jpg\" alt=\"\" width=\"1536\" height=\"2048\" srcset=\"http:\/\/www.refuge-animaux-etretat.fr\/RefugeEtretat\/wp-content\/uploads\/2025\/03\/IMG_4586.jpg 1536w, http:\/\/www.refuge-animaux-etretat.fr\/RefugeEtretat\/wp-content\/uploads\/2025\/03\/IMG_4586-225x300.jpg 225w, http:\/\/www.refuge-animaux-etretat.fr\/RefugeEtretat\/wp-content\/uploads\/2025\/03\/IMG_4586-768x1024.jpg 768w, http:\/\/www.refuge-animaux-etretat.fr\/RefugeEtretat\/wp-content\/uploads\/2025\/03\/IMG_4586-1152x1536.jpg 1152w\" sizes=\"(max-width: 1536px) 100vw, 1536px\" \/><\/p>\n<\/div>\n<\/div><\/div><\/div><div id=\"pgc-1342-1-1\"  class=\"panel-grid-cell\" ><div id=\"panel-1342-1-1-0\" class=\"so-panel widget widget_sow-editor panel-first-child panel-last-child\" data-index=\"2\" ><div class=\"so-widget-sow-editor so-widget-sow-editor-base\"><h3 class=\"widget-title\">PATOU<\/h3>\n<div class=\"siteorigin-widget-tinymce textwidget\">\n\t<p>&nbsp;<\/p>\n<ul>\n<li>Race\/Apparence : crois\u00e9 beauceron<\/li>\n<li>Ann\u00e9e de naissance : 01\/01\/2012<\/li>\n<li>Sexe : M\u00e2le<\/li>\n<li>Date d'entr\u00e9e au refuge : 04\/02\/2025<\/li>\n<\/ul>\n<p>&nbsp;<\/p>\n<ul>\n<li>ok chien : ?<\/li>\n<li>ok chats : ?<\/li>\n<li>Ok enfants : ?<\/li>\n<\/ul>\n<p>&nbsp;<\/p>\n<p>PATOU,\u00a0 est en pleine forme. C'est une cr\u00e8me de chien, calme et agr\u00e9able \u00e0 promener, pr\u00eat \u00e0 vous suivre au bout du monde. Nous ne connaissons rien de son pass\u00e9, il a \u00e9t\u00e9 trouv\u00e9 errant.<\/p>\n<p>PATOU a plus de 10 ans et b\u00e9n\u00e9ficie du \"panier retraite\" c'est-\u00e0-dire que les frais v\u00e9t\u00e9rinaires sont pris en charge jusqu'\u00e0 800 euros par la FONDATION 30 MILLIONS D'AMIS.<\/p>\n<p>&nbsp;<\/p>\n<p>&nbsp;<\/p>\n<p>&nbsp;<\/p>\n<p>&nbsp;<\/p>\n<p>&nbsp;<\/p>\n<p>&nbsp;<\/p>\n<p>&nbsp;<\/p>\n<p>&nbsp;<\/p>\n<p>&nbsp;<\/p>\n<p>&nbsp;<\/p>\n<p>&nbsp;<\/p>\n<p>&nbsp;<\/p>\n<p>&nbsp;<\/p>\n<p>&nbsp;<\/p>\n<p>&nbsp;<\/p>\n<p>&nbsp;<\/p>\n<p>&nbsp;<\/p>\n<p>&nbsp;<\/p>\n<p>&nbsp;<\/p>\n<p>&nbsp;<\/p>\n<p>&nbsp;<\/p>\n<p>.<\/p>\n<p>&nbsp;<\/p>\n<p>&nbsp;<\/p>\n<p>&nbsp;<\/p>\n<p>&nbsp;<\/p>\n<p>&nbsp;<\/p>\n<p>&nbsp;<\/p>\n<p>&nbsp;<\/p>\n<p>&nbsp;<\/p>\n<p>&nbsp;<\/p>\n<p>&nbsp;<\/p>\n<p>&nbsp;<\/p>\n<p>&nbsp;<\/p>\n<p>&nbsp;<\/p>\n<p>&nbsp;<\/p>\n<p>&nbsp;<\/p>\n<\/div>\n<\/div><\/div><\/div><\/div><div id=\"pg-1342-2\"  class=\"panel-grid panel-no-style\" ><div id=\"pgc-1342-2-0\"  class=\"panel-grid-cell\" ><div id=\"panel-1342-2-0-0\" class=\"so-panel widget widget_sow-editor panel-first-child panel-last-child\" data-index=\"3\" ><div class=\"so-widget-sow-editor so-widget-sow-editor-base\">\n<div class=\"siteorigin-widget-tinymce textwidget\">\n\t<hr class=\"symple-divider dashed \" style=\"margin-top: 25px;margin-bottom: 25px;\" \/>\n<\/div>\n<\/div><\/div><\/div><\/div><\/div>","protected":false},"excerpt":{"rendered":"<p>PATOU &nbsp; Race\/Apparence : crois\u00e9 beauceron Ann\u00e9e de naissance : 01\/01\/2012 Sexe : M\u00e2le Date d&rsquo;entr\u00e9e au refuge : 04\/02\/2025 &nbsp; ok chien : ? ok chats : ? Ok enfants : ? &nbsp; PATOU,\u00a0 est en pleine forme. C&rsquo;est une cr\u00e8me de chien, calme et agr\u00e9able \u00e0 promener, pr\u00eat \u00e0 vous suivre au boutLire la suite &rarr;<\/p>\n","protected":false},"author":1,"featured_media":1344,"comment_status":"closed","ping_status":"open","sticky":false,"template":"","format":"standard","meta":[],"categories":[2],"tags":[],"yoast_head":"<!-- This site is optimized with the Yoast SEO plugin v15.3 - https:\/\/yoast.com\/wordpress\/plugins\/seo\/ -->\n<title>PATOU | Refuge d&#039;Etretat<\/title>\n<meta name=\"robots\" content=\"noindex, follow\" \/>\n<meta property=\"og:locale\" content=\"fr_FR\" \/>\n<meta property=\"og:type\" content=\"article\" \/>\n<meta property=\"og:title\" content=\"PATOU | Refuge d&#039;Etretat\" \/>\n<meta property=\"og:description\" content=\"PATOU &nbsp; Race\/Apparence : crois\u00e9 beauceron Ann\u00e9e de naissance : 01\/01\/2012 Sexe : M\u00e2le Date d&#039;entr\u00e9e au refuge : 04\/02\/2025 &nbsp; ok chien : ? ok chats : ? Ok enfants : ? &nbsp; PATOU,\u00a0 est en pleine forme. C&#039;est une cr\u00e8me de chien, calme et agr\u00e9able \u00e0 promener, pr\u00eat \u00e0 vous suivre au boutLire la suite &rarr;\" \/>\n<meta property=\"og:url\" content=\"http:\/\/www.refuge-animaux-etretat.fr\/RefugeEtretat\/patou\/\" \/>\n<meta property=\"og:site_name\" content=\"Refuge d&#039;Etretat\" \/>\n<meta property=\"article:published_time\" content=\"2025-03-09T15:20:42+00:00\" \/>\n<meta property=\"article:modified_time\" content=\"2025-06-04T12:34:36+00:00\" \/>\n<meta property=\"og:image\" content=\"http:\/\/www.refuge-animaux-etretat.fr\/RefugeEtretat\/wp-content\/uploads\/2025\/03\/IMG_4587.jpg\" \/>\n\t<meta property=\"og:image:width\" content=\"1536\" \/>\n\t<meta property=\"og:image:height\" content=\"2048\" \/>\n<meta name=\"twitter:card\" content=\"summary_large_image\" \/>\n<meta name=\"twitter:label1\" content=\"\u00c9crit par\">\n\t<meta name=\"twitter:data1\" content=\"Refuge Etretat\">\n\t<meta name=\"twitter:label2\" content=\"Dur\u00e9e de lecture est.\">\n\t<meta name=\"twitter:data2\" content=\"1 minute\">\n<script type=\"application\/ld+json\" class=\"yoast-schema-graph\">{\"@context\":\"https:\/\/schema.org\",\"@graph\":[{\"@type\":\"Organization\",\"@id\":\"http:\/\/www.refuge-animaux-etretat.fr\/RefugeEtretat\/#organization\",\"name\":\"Refuge d'Etretat\",\"url\":\"http:\/\/www.refuge-animaux-etretat.fr\/RefugeEtretat\/\",\"sameAs\":[],\"logo\":{\"@type\":\"ImageObject\",\"@id\":\"http:\/\/www.refuge-animaux-etretat.fr\/RefugeEtretat\/#logo\",\"inLanguage\":\"fr-FR\",\"url\":\"http:\/\/www.refuge-animaux-etretat.fr\/RefugeEtretat\/wp-content\/uploads\/2018\/09\/Refuge-Etretat-logo.png\",\"width\":413,\"height\":413,\"caption\":\"Refuge d'Etretat\"},\"image\":{\"@id\":\"http:\/\/www.refuge-animaux-etretat.fr\/RefugeEtretat\/#logo\"}},{\"@type\":\"WebSite\",\"@id\":\"http:\/\/www.refuge-animaux-etretat.fr\/RefugeEtretat\/#website\",\"url\":\"http:\/\/www.refuge-animaux-etretat.fr\/RefugeEtretat\/\",\"name\":\"Refuge d&#039;Etretat\",\"description\":\"\",\"publisher\":{\"@id\":\"http:\/\/www.refuge-animaux-etretat.fr\/RefugeEtretat\/#organization\"},\"potentialAction\":[{\"@type\":\"SearchAction\",\"target\":\"http:\/\/www.refuge-animaux-etretat.fr\/RefugeEtretat\/?s={search_term_string}\",\"query-input\":\"required name=search_term_string\"}],\"inLanguage\":\"fr-FR\"},{\"@type\":\"ImageObject\",\"@id\":\"http:\/\/www.refuge-animaux-etretat.fr\/RefugeEtretat\/patou\/#primaryimage\",\"inLanguage\":\"fr-FR\",\"url\":\"http:\/\/www.refuge-animaux-etretat.fr\/RefugeEtretat\/wp-content\/uploads\/2025\/03\/IMG_4587.jpg\",\"width\":1536,\"height\":2048},{\"@type\":\"WebPage\",\"@id\":\"http:\/\/www.refuge-animaux-etretat.fr\/RefugeEtretat\/patou\/#webpage\",\"url\":\"http:\/\/www.refuge-animaux-etretat.fr\/RefugeEtretat\/patou\/\",\"name\":\"PATOU | Refuge d&#039;Etretat\",\"isPartOf\":{\"@id\":\"http:\/\/www.refuge-animaux-etretat.fr\/RefugeEtretat\/#website\"},\"primaryImageOfPage\":{\"@id\":\"http:\/\/www.refuge-animaux-etretat.fr\/RefugeEtretat\/patou\/#primaryimage\"},\"datePublished\":\"2025-03-09T15:20:42+00:00\",\"dateModified\":\"2025-06-04T12:34:36+00:00\",\"inLanguage\":\"fr-FR\",\"potentialAction\":[{\"@type\":\"ReadAction\",\"target\":[\"http:\/\/www.refuge-animaux-etretat.fr\/RefugeEtretat\/patou\/\"]}]},{\"@type\":\"Article\",\"@id\":\"http:\/\/www.refuge-animaux-etretat.fr\/RefugeEtretat\/patou\/#article\",\"isPartOf\":{\"@id\":\"http:\/\/www.refuge-animaux-etretat.fr\/RefugeEtretat\/patou\/#webpage\"},\"author\":{\"@id\":\"http:\/\/www.refuge-animaux-etretat.fr\/RefugeEtretat\/#\/schema\/person\/01a0f3afd0e4067faff4a15c717cedb0\"},\"headline\":\"PATOU\",\"datePublished\":\"2025-03-09T15:20:42+00:00\",\"dateModified\":\"2025-06-04T12:34:36+00:00\",\"mainEntityOfPage\":{\"@id\":\"http:\/\/www.refuge-animaux-etretat.fr\/RefugeEtretat\/patou\/#webpage\"},\"publisher\":{\"@id\":\"http:\/\/www.refuge-animaux-etretat.fr\/RefugeEtretat\/#organization\"},\"image\":{\"@id\":\"http:\/\/www.refuge-animaux-etretat.fr\/RefugeEtretat\/patou\/#primaryimage\"},\"articleSection\":\"A l'adoption\",\"inLanguage\":\"fr-FR\"},{\"@type\":\"Person\",\"@id\":\"http:\/\/www.refuge-animaux-etretat.fr\/RefugeEtretat\/#\/schema\/person\/01a0f3afd0e4067faff4a15c717cedb0\",\"name\":\"Refuge Etretat\",\"image\":{\"@type\":\"ImageObject\",\"@id\":\"http:\/\/www.refuge-animaux-etretat.fr\/RefugeEtretat\/#personlogo\",\"inLanguage\":\"fr-FR\",\"url\":\"http:\/\/0.gravatar.com\/avatar\/64c19d439b6e9c9d55ce054fd2916ee8?s=96&d=mm&r=g\",\"caption\":\"Refuge Etretat\"}}]}<\/script>\n<!-- \/ Yoast SEO plugin. -->","_links":{"self":[{"href":"http:\/\/www.refuge-animaux-etretat.fr\/RefugeEtretat\/wp-json\/wp\/v2\/posts\/1342"}],"collection":[{"href":"http:\/\/www.refuge-animaux-etretat.fr\/RefugeEtretat\/wp-json\/wp\/v2\/posts"}],"about":[{"href":"http:\/\/www.refuge-animaux-etretat.fr\/RefugeEtretat\/wp-json\/wp\/v2\/types\/post"}],"author":[{"embeddable":true,"href":"http:\/\/www.refuge-animaux-etretat.fr\/RefugeEtretat\/wp-json\/wp\/v2\/users\/1"}],"replies":[{"embeddable":true,"href":"http:\/\/www.refuge-animaux-etretat.fr\/RefugeEtretat\/wp-json\/wp\/v2\/comments?post=1342"}],"version-history":[{"count":2,"href":"http:\/\/www.refuge-animaux-etretat.fr\/RefugeEtretat\/wp-json\/wp\/v2\/posts\/1342\/revisions"}],"predecessor-version":[{"id":1451,"href":"http:\/\/www.refuge-animaux-etretat.fr\/RefugeEtretat\/wp-json\/wp\/v2\/posts\/1342\/revisions\/1451"}],"wp:featuredmedia":[{"embeddable":true,"href":"http:\/\/www.refuge-animaux-etretat.fr\/RefugeEtretat\/wp-json\/wp\/v2\/media\/1344"}],"wp:attachment":[{"href":"http:\/\/www.refuge-animaux-etretat.fr\/RefugeEtretat\/wp-json\/wp\/v2\/media?parent=1342"}],"wp:term":[{"taxonomy":"category","embeddable":true,"href":"http:\/\/www.refuge-animaux-etretat.fr\/RefugeEtretat\/wp-json\/wp\/v2\/categories?post=1342"},{"taxonomy":"post_tag","embeddable":true,"href":"http:\/\/www.refuge-animaux-etretat.fr\/RefugeEtretat\/wp-json\/wp\/v2\/tags?post=1342"}],"curies":[{"name":"wp","href":"https:\/\/api.w.org\/{rel}","templated":true}]}}