{"id":1311,"date":"2025-02-05T17:35:32","date_gmt":"2025-02-05T16:35:32","guid":{"rendered":"http:\/\/www.refuge-animaux-etretat.fr\/RefugeEtretat\/?p=1311"},"modified":"2025-10-07T15:31:25","modified_gmt":"2025-10-07T13:31:25","slug":"vasco","status":"publish","type":"post","link":"http:\/\/www.refuge-animaux-etretat.fr\/RefugeEtretat\/vasco\/","title":{"rendered":"VASCO"},"content":{"rendered":"<div id=\"pl-1311\"  class=\"panel-layout\" ><div id=\"pg-1311-0\"  class=\"panel-grid panel-no-style\" ><div id=\"pgc-1311-0-0\"  class=\"panel-grid-cell\" ><div id=\"panel-1311-0-0-0\" class=\"so-panel widget widget_sow-editor panel-first-child panel-last-child\" data-index=\"0\" ><div class=\"so-widget-sow-editor so-widget-sow-editor-base\"><h3 class=\"widget-title\">VASCO<\/h3>\n<div class=\"siteorigin-widget-tinymce textwidget\">\n\t<p>VASCO<\/p>\n<\/div>\n<\/div><\/div><\/div><\/div><div id=\"pg-1311-1\"  class=\"panel-grid panel-no-style\" ><div id=\"pgc-1311-1-0\"  class=\"panel-grid-cell\" ><div id=\"panel-1311-1-0-0\" class=\"so-panel widget widget_sow-editor panel-first-child panel-last-child\" data-index=\"1\" ><div class=\"so-widget-sow-editor so-widget-sow-editor-base\"><h3 class=\"widget-title\">VASCO<\/h3>\n<div class=\"siteorigin-widget-tinymce textwidget\">\n\t<p data-wp-editing=\"1\"><img loading=\"lazy\" class=\"aligncenter wp-image-1312 size-full\" src=\"http:\/\/www.refuge-animaux-etretat.fr\/RefugeEtretat\/wp-content\/uploads\/2025\/02\/IMG_4496.jpg\" alt=\"\" width=\"763\" height=\"960\" srcset=\"http:\/\/www.refuge-animaux-etretat.fr\/RefugeEtretat\/wp-content\/uploads\/2025\/02\/IMG_4496.jpg 763w, http:\/\/www.refuge-animaux-etretat.fr\/RefugeEtretat\/wp-content\/uploads\/2025\/02\/IMG_4496-238x300.jpg 238w\" sizes=\"(max-width: 763px) 100vw, 763px\" \/><\/p>\n<\/div>\n<\/div><\/div><\/div><div id=\"pgc-1311-1-1\"  class=\"panel-grid-cell\" ><div id=\"panel-1311-1-1-0\" class=\"so-panel widget widget_sow-editor panel-first-child panel-last-child\" data-index=\"2\" ><div class=\"so-widget-sow-editor so-widget-sow-editor-base\"><h3 class=\"widget-title\">VASCO<\/h3>\n<div class=\"siteorigin-widget-tinymce textwidget\">\n\t<p>&nbsp;<\/p>\n<ul>\n<li>Race\/Apparence : STAFFORDSHIRE TERRIER AMERICAIN - LOF - chien cat\u00e9gorie 2, permis de d\u00e9tention + assurance.<\/li>\n<li>Ann\u00e9e de naissance\u00a0 :\u00a0 26\/02\/2024<\/li>\n<li>Sexe : M\u00e2le - castr\u00e9<\/li>\n<li>Date de rentr\u00e9e au refuge : 11\/01\/2025<\/li>\n<\/ul>\n<ul>\n<li>ok chien : ?<\/li>\n<li>Ok enfants : oui (un peu brutus comme tous les molosses)<\/li>\n<li>\u00a0Ok chats : non<\/li>\n<\/ul>\n<p>&nbsp;<\/p>\n<p>VASCO est un Amour de chien qui s'ennuie au refuge et ne supporte pas, comme tout ceux de sa race, l'enfermement en box. Il est tr\u00e8s stress\u00e9.\u00a0 Il attend d\u00e9sesp\u00e9r\u00e9ment sa famille. Pourtant c'est un brave toutou.<\/p>\n<p>VASCO est arriv\u00e9 tr\u00e8s jeune au refuge, retir\u00e9 \u00e0 \"sa famille\" pour maltraitance, il \u00e9tait dans un bien triste \u00e9tat quand nous l'avons accueilli. Il est maintenant en pleine forme.<\/p>\n<p>Il lui faudrait rapidement une belle adoption par de bonnes personnes qui sauraient le rendre heureux.<\/p>\n<p>VASCO est LOF donc il faut tous les papiers pour pouvoir\u00a0 d\u00e9tenir un chien de cat\u00e9gorie 2.<\/p>\n<p>&nbsp;<\/p>\n<p>&nbsp;<\/p>\n<p>&nbsp;<\/p>\n<p>&nbsp;<\/p>\n<p>&nbsp;<\/p>\n<p>&nbsp;<\/p>\n<p>&nbsp;<\/p>\n<p>.<\/p>\n<p>&nbsp;<\/p>\n<p>&nbsp;<\/p>\n<p>&nbsp;<\/p>\n<p>&nbsp;<\/p>\n<p>&nbsp;<\/p>\n<p>&nbsp;<\/p>\n<p>&nbsp;<\/p>\n<p>&nbsp;<\/p>\n<p>&nbsp;<\/p>\n<p>&nbsp;<\/p>\n<p>&nbsp;<\/p>\n<p>&nbsp;<\/p>\n<p>&nbsp;<\/p>\n<p>&nbsp;<\/p>\n<p>&nbsp;<\/p>\n<\/div>\n<\/div><\/div><\/div><\/div><div id=\"pg-1311-2\"  class=\"panel-grid panel-no-style\" ><div id=\"pgc-1311-2-0\"  class=\"panel-grid-cell\" ><div id=\"panel-1311-2-0-0\" class=\"so-panel widget widget_sow-editor panel-first-child panel-last-child\" data-index=\"3\" ><div class=\"so-widget-sow-editor so-widget-sow-editor-base\">\n<div class=\"siteorigin-widget-tinymce textwidget\">\n\t<hr class=\"symple-divider dashed \" style=\"margin-top: 25px;margin-bottom: 25px;\" \/>\n<\/div>\n<\/div><\/div><\/div><\/div><\/div>","protected":false},"excerpt":{"rendered":"<p>VASCO &nbsp; Race\/Apparence : STAFFORDSHIRE TERRIER AMERICAIN &#8211; LOF &#8211; chien cat\u00e9gorie 2, permis de d\u00e9tention + assurance. Ann\u00e9e de naissance\u00a0 :\u00a0 26\/02\/2024 Sexe : M\u00e2le &#8211; castr\u00e9 Date de rentr\u00e9e au refuge : 11\/01\/2025 ok chien : ? Ok enfants : oui (un peu brutus comme tous les molosses) \u00a0Ok chats : non &nbsp;Lire la suite &rarr;<\/p>\n","protected":false},"author":1,"featured_media":1313,"comment_status":"closed","ping_status":"open","sticky":false,"template":"","format":"standard","meta":[],"categories":[2],"tags":[],"yoast_head":"<!-- This site is optimized with the Yoast SEO plugin v15.3 - https:\/\/yoast.com\/wordpress\/plugins\/seo\/ -->\n<title>VASCO | Refuge d&#039;Etretat<\/title>\n<meta name=\"robots\" content=\"noindex, follow\" \/>\n<meta property=\"og:locale\" content=\"fr_FR\" \/>\n<meta property=\"og:type\" content=\"article\" \/>\n<meta property=\"og:title\" content=\"VASCO | Refuge d&#039;Etretat\" \/>\n<meta property=\"og:description\" content=\"VASCO &nbsp; Race\/Apparence : STAFFORDSHIRE TERRIER AMERICAIN - LOF - chien cat\u00e9gorie 2, permis de d\u00e9tention + assurance. Ann\u00e9e de naissance\u00a0 :\u00a0 26\/02\/2024 Sexe : M\u00e2le - castr\u00e9 Date de rentr\u00e9e au refuge : 11\/01\/2025 ok chien : ? Ok enfants : oui (un peu brutus comme tous les molosses) \u00a0Ok chats : non &nbsp;Lire la suite &rarr;\" \/>\n<meta property=\"og:url\" content=\"http:\/\/www.refuge-animaux-etretat.fr\/RefugeEtretat\/vasco\/\" \/>\n<meta property=\"og:site_name\" content=\"Refuge d&#039;Etretat\" \/>\n<meta property=\"article:published_time\" content=\"2025-02-05T16:35:32+00:00\" \/>\n<meta property=\"article:modified_time\" content=\"2025-10-07T13:31:25+00:00\" \/>\n<meta property=\"og:image\" content=\"http:\/\/www.refuge-animaux-etretat.fr\/RefugeEtretat\/wp-content\/uploads\/2025\/02\/IMG_4497.jpg\" \/>\n\t<meta property=\"og:image:width\" content=\"715\" \/>\n\t<meta property=\"og:image:height\" content=\"960\" \/>\n<meta name=\"twitter:card\" content=\"summary_large_image\" \/>\n<meta name=\"twitter:label1\" content=\"\u00c9crit par\">\n\t<meta name=\"twitter:data1\" content=\"Refuge Etretat\">\n\t<meta name=\"twitter:label2\" content=\"Dur\u00e9e de lecture est.\">\n\t<meta name=\"twitter:data2\" content=\"1 minute\">\n<script type=\"application\/ld+json\" class=\"yoast-schema-graph\">{\"@context\":\"https:\/\/schema.org\",\"@graph\":[{\"@type\":\"Organization\",\"@id\":\"http:\/\/www.refuge-animaux-etretat.fr\/RefugeEtretat\/#organization\",\"name\":\"Refuge d'Etretat\",\"url\":\"http:\/\/www.refuge-animaux-etretat.fr\/RefugeEtretat\/\",\"sameAs\":[],\"logo\":{\"@type\":\"ImageObject\",\"@id\":\"http:\/\/www.refuge-animaux-etretat.fr\/RefugeEtretat\/#logo\",\"inLanguage\":\"fr-FR\",\"url\":\"http:\/\/www.refuge-animaux-etretat.fr\/RefugeEtretat\/wp-content\/uploads\/2018\/09\/Refuge-Etretat-logo.png\",\"width\":413,\"height\":413,\"caption\":\"Refuge d'Etretat\"},\"image\":{\"@id\":\"http:\/\/www.refuge-animaux-etretat.fr\/RefugeEtretat\/#logo\"}},{\"@type\":\"WebSite\",\"@id\":\"http:\/\/www.refuge-animaux-etretat.fr\/RefugeEtretat\/#website\",\"url\":\"http:\/\/www.refuge-animaux-etretat.fr\/RefugeEtretat\/\",\"name\":\"Refuge d&#039;Etretat\",\"description\":\"\",\"publisher\":{\"@id\":\"http:\/\/www.refuge-animaux-etretat.fr\/RefugeEtretat\/#organization\"},\"potentialAction\":[{\"@type\":\"SearchAction\",\"target\":\"http:\/\/www.refuge-animaux-etretat.fr\/RefugeEtretat\/?s={search_term_string}\",\"query-input\":\"required name=search_term_string\"}],\"inLanguage\":\"fr-FR\"},{\"@type\":\"ImageObject\",\"@id\":\"http:\/\/www.refuge-animaux-etretat.fr\/RefugeEtretat\/vasco\/#primaryimage\",\"inLanguage\":\"fr-FR\",\"url\":\"http:\/\/www.refuge-animaux-etretat.fr\/RefugeEtretat\/wp-content\/uploads\/2025\/02\/IMG_4497.jpg\",\"width\":715,\"height\":960},{\"@type\":\"WebPage\",\"@id\":\"http:\/\/www.refuge-animaux-etretat.fr\/RefugeEtretat\/vasco\/#webpage\",\"url\":\"http:\/\/www.refuge-animaux-etretat.fr\/RefugeEtretat\/vasco\/\",\"name\":\"VASCO | Refuge d&#039;Etretat\",\"isPartOf\":{\"@id\":\"http:\/\/www.refuge-animaux-etretat.fr\/RefugeEtretat\/#website\"},\"primaryImageOfPage\":{\"@id\":\"http:\/\/www.refuge-animaux-etretat.fr\/RefugeEtretat\/vasco\/#primaryimage\"},\"datePublished\":\"2025-02-05T16:35:32+00:00\",\"dateModified\":\"2025-10-07T13:31:25+00:00\",\"inLanguage\":\"fr-FR\",\"potentialAction\":[{\"@type\":\"ReadAction\",\"target\":[\"http:\/\/www.refuge-animaux-etretat.fr\/RefugeEtretat\/vasco\/\"]}]},{\"@type\":\"Article\",\"@id\":\"http:\/\/www.refuge-animaux-etretat.fr\/RefugeEtretat\/vasco\/#article\",\"isPartOf\":{\"@id\":\"http:\/\/www.refuge-animaux-etretat.fr\/RefugeEtretat\/vasco\/#webpage\"},\"author\":{\"@id\":\"http:\/\/www.refuge-animaux-etretat.fr\/RefugeEtretat\/#\/schema\/person\/01a0f3afd0e4067faff4a15c717cedb0\"},\"headline\":\"VASCO\",\"datePublished\":\"2025-02-05T16:35:32+00:00\",\"dateModified\":\"2025-10-07T13:31:25+00:00\",\"mainEntityOfPage\":{\"@id\":\"http:\/\/www.refuge-animaux-etretat.fr\/RefugeEtretat\/vasco\/#webpage\"},\"publisher\":{\"@id\":\"http:\/\/www.refuge-animaux-etretat.fr\/RefugeEtretat\/#organization\"},\"image\":{\"@id\":\"http:\/\/www.refuge-animaux-etretat.fr\/RefugeEtretat\/vasco\/#primaryimage\"},\"articleSection\":\"A l'adoption\",\"inLanguage\":\"fr-FR\"},{\"@type\":\"Person\",\"@id\":\"http:\/\/www.refuge-animaux-etretat.fr\/RefugeEtretat\/#\/schema\/person\/01a0f3afd0e4067faff4a15c717cedb0\",\"name\":\"Refuge Etretat\",\"image\":{\"@type\":\"ImageObject\",\"@id\":\"http:\/\/www.refuge-animaux-etretat.fr\/RefugeEtretat\/#personlogo\",\"inLanguage\":\"fr-FR\",\"url\":\"http:\/\/0.gravatar.com\/avatar\/64c19d439b6e9c9d55ce054fd2916ee8?s=96&d=mm&r=g\",\"caption\":\"Refuge Etretat\"}}]}<\/script>\n<!-- \/ Yoast SEO plugin. -->","_links":{"self":[{"href":"http:\/\/www.refuge-animaux-etretat.fr\/RefugeEtretat\/wp-json\/wp\/v2\/posts\/1311"}],"collection":[{"href":"http:\/\/www.refuge-animaux-etretat.fr\/RefugeEtretat\/wp-json\/wp\/v2\/posts"}],"about":[{"href":"http:\/\/www.refuge-animaux-etretat.fr\/RefugeEtretat\/wp-json\/wp\/v2\/types\/post"}],"author":[{"embeddable":true,"href":"http:\/\/www.refuge-animaux-etretat.fr\/RefugeEtretat\/wp-json\/wp\/v2\/users\/1"}],"replies":[{"embeddable":true,"href":"http:\/\/www.refuge-animaux-etretat.fr\/RefugeEtretat\/wp-json\/wp\/v2\/comments?post=1311"}],"version-history":[{"count":4,"href":"http:\/\/www.refuge-animaux-etretat.fr\/RefugeEtretat\/wp-json\/wp\/v2\/posts\/1311\/revisions"}],"predecessor-version":[{"id":1538,"href":"http:\/\/www.refuge-animaux-etretat.fr\/RefugeEtretat\/wp-json\/wp\/v2\/posts\/1311\/revisions\/1538"}],"wp:featuredmedia":[{"embeddable":true,"href":"http:\/\/www.refuge-animaux-etretat.fr\/RefugeEtretat\/wp-json\/wp\/v2\/media\/1313"}],"wp:attachment":[{"href":"http:\/\/www.refuge-animaux-etretat.fr\/RefugeEtretat\/wp-json\/wp\/v2\/media?parent=1311"}],"wp:term":[{"taxonomy":"category","embeddable":true,"href":"http:\/\/www.refuge-animaux-etretat.fr\/RefugeEtretat\/wp-json\/wp\/v2\/categories?post=1311"},{"taxonomy":"post_tag","embeddable":true,"href":"http:\/\/www.refuge-animaux-etretat.fr\/RefugeEtretat\/wp-json\/wp\/v2\/tags?post=1311"}],"curies":[{"name":"wp","href":"https:\/\/api.w.org\/{rel}","templated":true}]}}